{"id":4745,"date":"2022-12-12T16:34:46","date_gmt":"2022-12-12T19:34:46","guid":{"rendered":"https:\/\/www.est.ufmg.br\/portal\/?p=4745"},"modified":"2023-05-30T18:39:56","modified_gmt":"2023-05-30T21:39:56","slug":"pacote-covid19-br","status":"publish","type":"post","link":"https:\/\/www.est.ufmg.br\/portal\/pacote-covid19-br\/","title":{"rendered":"Pacote COVID19-BR"},"content":{"rendered":"\t\t<div data-elementor-type=\"wp-post\" data-elementor-id=\"4745\" class=\"elementor elementor-4745\" data-elementor-post-type=\"post\">\n\t\t\t\t\t\t<section class=\"elementor-section elementor-top-section elementor-element elementor-element-cbb7429 elementor-section-boxed elementor-section-height-default elementor-section-height-default\" data-id=\"cbb7429\" data-element_type=\"section\" data-e-type=\"section\">\n\t\t\t\t\t\t<div class=\"elementor-container elementor-column-gap-default\">\n\t\t\t\t\t<div class=\"elementor-column elementor-col-100 elementor-top-column elementor-element elementor-element-8ec57c9\" data-id=\"8ec57c9\" data-element_type=\"column\" data-e-type=\"column\">\n\t\t\t<div class=\"elementor-widget-wrap elementor-element-populated\">\n\t\t\t\t\t\t<div class=\"elementor-element elementor-element-986cd7c elementor-widget elementor-widget-heading\" data-id=\"986cd7c\" data-element_type=\"widget\" data-e-type=\"widget\" data-widget_type=\"heading.default\">\n\t\t\t\t<div class=\"elementor-widget-container\">\n\t\t\t\t\t<h3 class=\"elementor-heading-title elementor-size-default\">Dados da pandemia da COVID-19 do Brasil e do mundo<\/h3>\t\t\t\t<\/div>\n\t\t\t\t<\/div>\n\t\t\t\t\t<\/div>\n\t\t<\/div>\n\t\t\t\t\t<\/div>\n\t\t<\/section>\n\t\t\t\t<section class=\"elementor-section elementor-top-section elementor-element elementor-element-be0a6ce elementor-section-boxed elementor-section-height-default elementor-section-height-default\" data-id=\"be0a6ce\" data-element_type=\"section\" data-e-type=\"section\">\n\t\t\t\t\t\t<div class=\"elementor-container elementor-column-gap-default\">\n\t\t\t\t\t<div class=\"elementor-column elementor-col-100 elementor-top-column elementor-element elementor-element-181d4e4\" data-id=\"181d4e4\" data-element_type=\"column\" data-e-type=\"column\">\n\t\t\t<div class=\"elementor-widget-wrap elementor-element-populated\">\n\t\t\t\t\t\t<div class=\"elementor-element elementor-element-1bf39fd elementor-widget elementor-widget-text-editor\" data-id=\"1bf39fd\" data-element_type=\"widget\" data-e-type=\"widget\" data-widget_type=\"text-editor.default\">\n\t\t\t\t<div class=\"elementor-widget-container\">\n\t\t\t\t\t\t\t\t\t<p>Os dados da pandemia da COVID-19 do Brasil e do mundo podem ser baixados agora no R atrav\u00e9s do pacote\u00a0<a href=\"https:\/\/cran.r-project.org\/web\/packages\/covid19br\/index.html\" target=\"_blank\" rel=\"noopener\">covid19br<\/a>, que est\u00e1 dispon\u00edvel para download no cran do R. No pacote, os dados brasileiros est\u00e3o dispon\u00edveis a n\u00edvel de pa\u00eds, regi\u00e3o, estado e munic\u00edpio, e s\u00e3o obtidos do reposit\u00f3rio oficial do\u00a0<a href=\"https:\/\/covid.saude.gov.br\/\" target=\"_blank\" rel=\"noopener\">Minist\u00e9rio da Sa\u00fade.<\/a>\u00a0O pacote tamb\u00e9m faz o download dos dados a n\u00edvel mundial a partir do reposit\u00f3rio da Universidade\u00a0<a href=\"https:\/\/github.com\/CSSEGISandData\/COVID-19\" target=\"_blank\" rel=\"noopener\">Johns Hopkins.<\/a>\u00a0Os dados da pandemia podem ser visualizados atrav\u00e9s de um aplicativo shiny, que \u00e9 alimentado pelo pacote\u00a0<a href=\"https:\/\/cran.r-project.org\/web\/packages\/covid19br\/index.html\" target=\"_blank\" rel=\"noopener\">covid19br<\/a>, e pode ser acessado em\u00a0<a href=\"https:\/\/ufmg-dest.shinyapps.io\/covid19br\/\" target=\"_blank\" rel=\"noopener\">https:\/\/ufmg-dest.shinyapps.io\/covid19br<\/a><\/p>\t\t\t\t\t\t\t\t<\/div>\n\t\t\t\t<\/div>\n\t\t\t\t\t<\/div>\n\t\t<\/div>\n\t\t\t\t\t<\/div>\n\t\t<\/section>\n\t\t\t\t<\/div>\n\t\t","protected":false},"excerpt":{"rendered":"<p>Dados da pandemia da COVID-19 do Brasil e do mundo Os dados da pandemia da COVID-19 do Brasil e do mundo podem ser baixados agora no R atrav\u00e9s do pacote\u00a0covid19br, que est\u00e1 dispon\u00edvel para download no cran do R. No pacote, os dados brasileiros est\u00e3o dispon\u00edveis a n\u00edvel de pa\u00eds, regi\u00e3o, estado e munic\u00edpio, e [&hellip;]<\/p>\n","protected":false},"author":1,"featured_media":0,"comment_status":"closed","ping_status":"closed","sticky":false,"template":"","format":"standard","meta":{"site-sidebar-layout":"default","site-content-layout":"default","ast-site-content-layout":"default","site-content-style":"default","site-sidebar-style":"default","ast-global-header-display":"","ast-banner-title-visibility":"","ast-main-header-display":"","ast-hfb-above-header-display":"","ast-hfb-below-header-display":"","ast-hfb-mobile-header-display":"","site-post-title":"","ast-breadcrumbs-content":"","ast-featured-img":"","footer-sml-layout":"","ast-disable-related-posts":"","theme-transparent-header-meta":"default","adv-header-id-meta":"","stick-header-meta":"","header-above-stick-meta":"","header-main-stick-meta":"","header-below-stick-meta":"","astra-migrate-meta-layouts":"default","ast-page-background-enabled":"default","ast-page-background-meta":{"desktop":{"background-color":"","background-image":"","background-repeat":"repeat","background-position":"center center","background-size":"auto","background-attachment":"scroll","background-type":"","background-media":"","overlay-type":"","overlay-color":"","overlay-opacity":"","overlay-gradient":""},"tablet":{"background-color":"","background-image":"","background-repeat":"repeat","background-position":"center center","background-size":"auto","background-attachment":"scroll","background-type":"","background-media":"","overlay-type":"","overlay-color":"","overlay-opacity":"","overlay-gradient":""},"mobile":{"background-color":"","background-image":"","background-repeat":"repeat","background-position":"center center","background-size":"auto","background-attachment":"scroll","background-type":"","background-media":"","overlay-type":"","overlay-color":"","overlay-opacity":"","overlay-gradient":""}},"ast-content-background-meta":{"desktop":{"background-color":"var(--ast-global-color-5)","background-image":"","background-repeat":"repeat","background-position":"center center","background-size":"auto","background-attachment":"scroll","background-type":"","background-media":"","overlay-type":"","overlay-color":"","overlay-opacity":"","overlay-gradient":""},"tablet":{"background-color":"var(--ast-global-color-5)","background-image":"","background-repeat":"repeat","background-position":"center center","background-size":"auto","background-attachment":"scroll","background-type":"","background-media":"","overlay-type":"","overlay-color":"","overlay-opacity":"","overlay-gradient":""},"mobile":{"background-color":"var(--ast-global-color-5)","background-image":"","background-repeat":"repeat","background-position":"center center","background-size":"auto","background-attachment":"scroll","background-type":"","background-media":"","overlay-type":"","overlay-color":"","overlay-opacity":"","overlay-gradient":""}},"footnotes":""},"categories":[33],"tags":[],"class_list":["post-4745","post","type-post","status-publish","format-standard","hentry","category-coronavirus"],"_links":{"self":[{"href":"https:\/\/www.est.ufmg.br\/portal\/wp-json\/wp\/v2\/posts\/4745","targetHints":{"allow":["GET"]}}],"collection":[{"href":"https:\/\/www.est.ufmg.br\/portal\/wp-json\/wp\/v2\/posts"}],"about":[{"href":"https:\/\/www.est.ufmg.br\/portal\/wp-json\/wp\/v2\/types\/post"}],"author":[{"embeddable":true,"href":"https:\/\/www.est.ufmg.br\/portal\/wp-json\/wp\/v2\/users\/1"}],"replies":[{"embeddable":true,"href":"https:\/\/www.est.ufmg.br\/portal\/wp-json\/wp\/v2\/comments?post=4745"}],"version-history":[{"count":4,"href":"https:\/\/www.est.ufmg.br\/portal\/wp-json\/wp\/v2\/posts\/4745\/revisions"}],"predecessor-version":[{"id":4749,"href":"https:\/\/www.est.ufmg.br\/portal\/wp-json\/wp\/v2\/posts\/4745\/revisions\/4749"}],"wp:attachment":[{"href":"https:\/\/www.est.ufmg.br\/portal\/wp-json\/wp\/v2\/media?parent=4745"}],"wp:term":[{"taxonomy":"category","embeddable":true,"href":"https:\/\/www.est.ufmg.br\/portal\/wp-json\/wp\/v2\/categories?post=4745"},{"taxonomy":"post_tag","embeddable":true,"href":"https:\/\/www.est.ufmg.br\/portal\/wp-json\/wp\/v2\/tags?post=4745"}],"curies":[{"name":"wp","href":"https:\/\/api.w.org\/{rel}","templated":true}]}}